{"id":113,"date":"2014-09-03T23:02:19","date_gmt":"2014-09-03T21:02:19","guid":{"rendered":"http:\/\/www.junges-ehrenamt.de\/?p=113"},"modified":"2014-09-04T01:29:28","modified_gmt":"2014-09-03T23:29:28","slug":"dominic-greger","status":"publish","type":"post","link":"http:\/\/www.junges-ehrenamt.de\/?p=113","title":{"rendered":"Dominic Greger"},"content":{"rendered":"<blockquote><p>Ich bin als Kind schon regelm\u00e4\u00dfig als Teilnehmer beim Zeltlager und bei Vereinsaktivit\u00e4ten wie Fussball, etc. dabei gewesen und dann irgendwann als ich dazu zu alt war, damit angefangen, das was ich bekommen hatte wieder zur\u00fcck zu geben. Mittlerweile ist das Zeltlager eine angenehme Flucht aus dem hektischen Alltag mit Terminen und so. Im Zeltlager wird alles etwas ruhiger angegangen und es gibt keine &#8222;nervigen&#8220; elektronischen Spielereien wie Fernseher, Radio, Internet und so. Dadurch kann man der Jugend von heute auch mal wieder zeigen, wie man sich selbst besch\u00e4ftigt und erlebt auch mal wieder die Natur, da wir nahezu von der Aussenwelt abgeschnitten leben und nur Strom und Wasser von der &#8222;Zivilisation&#8220; beziehen.<\/p><\/blockquote>\n","protected":false},"excerpt":{"rendered":"<p>Ich bin als Kind schon regelm\u00e4\u00dfig als Teilnehmer beim Zeltlager und bei Vereinsaktivit\u00e4ten wie Fussball, etc. dabei gewesen und dann irgendwann als ich dazu zu alt war, damit angefangen, das was ich bekommen hatte wieder zur\u00fcck zu geben. Mittlerweile ist das Zeltlager eine angenehme Flucht aus dem hektischen Alltag mit Terminen und so. Im Zeltlager [&hellip;]<\/p>\n","protected":false},"author":1,"featured_media":114,"comment_status":"closed","ping_status":"open","sticky":false,"template":"","format":"standard","meta":[],"categories":[11],"tags":[],"_links":{"self":[{"href":"http:\/\/www.junges-ehrenamt.de\/index.php?rest_route=\/wp\/v2\/posts\/113"}],"collection":[{"href":"http:\/\/www.junges-ehrenamt.de\/index.php?rest_route=\/wp\/v2\/posts"}],"about":[{"href":"http:\/\/www.junges-ehrenamt.de\/index.php?rest_route=\/wp\/v2\/types\/post"}],"author":[{"embeddable":true,"href":"http:\/\/www.junges-ehrenamt.de\/index.php?rest_route=\/wp\/v2\/users\/1"}],"replies":[{"embeddable":true,"href":"http:\/\/www.junges-ehrenamt.de\/index.php?rest_route=%2Fwp%2Fv2%2Fcomments&post=113"}],"version-history":[{"count":2,"href":"http:\/\/www.junges-ehrenamt.de\/index.php?rest_route=\/wp\/v2\/posts\/113\/revisions"}],"predecessor-version":[{"id":275,"href":"http:\/\/www.junges-ehrenamt.de\/index.php?rest_route=\/wp\/v2\/posts\/113\/revisions\/275"}],"wp:featuredmedia":[{"embeddable":true,"href":"http:\/\/www.junges-ehrenamt.de\/index.php?rest_route=\/wp\/v2\/media\/114"}],"wp:attachment":[{"href":"http:\/\/www.junges-ehrenamt.de\/index.php?rest_route=%2Fwp%2Fv2%2Fmedia&parent=113"}],"wp:term":[{"taxonomy":"category","embeddable":true,"href":"http:\/\/www.junges-ehrenamt.de\/index.php?rest_route=%2Fwp%2Fv2%2Fcategories&post=113"},{"taxonomy":"post_tag","embeddable":true,"href":"http:\/\/www.junges-ehrenamt.de\/index.php?rest_route=%2Fwp%2Fv2%2Ftags&post=113"}],"curies":[{"name":"wp","href":"https:\/\/api.w.org\/{rel}","templated":true}]}}