{"id":151,"date":"2014-09-03T23:03:49","date_gmt":"2014-09-03T21:03:49","guid":{"rendered":"http:\/\/www.junges-ehrenamt.de\/?p=151"},"modified":"2014-09-05T09:23:40","modified_gmt":"2014-09-05T07:23:40","slug":"lorena-steinkamp","status":"publish","type":"post","link":"http:\/\/www.junges-ehrenamt.de\/?p=151","title":{"rendered":"Lorena Steinkamp"},"content":{"rendered":"<blockquote><p>Ich bin ehrenamtich t\u00e4tig, weil es mir sehr viel Spa\u00df macht mich mit Kindern und Jugendlichen zu besch\u00e4ftigen.<\/p><\/blockquote>\n<p>Steckbrief von Lorena Steinkamp, der in den Zeitungen des Kreises ver\u00f6ffentlicht wurde als <a href=\"http:\/\/www.junges-ehrenamt.de\/wp-content\/uploads\/2014\/09\/Steckbrief-Lorena-Steinkamp.pdf\">PDF<\/a>.<\/p>\n","protected":false},"excerpt":{"rendered":"<p>Ich bin ehrenamtich t\u00e4tig, weil es mir sehr viel Spa\u00df macht mich mit Kindern und Jugendlichen zu besch\u00e4ftigen. Steckbrief von Lorena Steinkamp, der in den Zeitungen des Kreises ver\u00f6ffentlicht wurde als PDF.<\/p>\n","protected":false},"author":1,"featured_media":152,"comment_status":"closed","ping_status":"open","sticky":false,"template":"","format":"standard","meta":[],"categories":[12,1],"tags":[],"_links":{"self":[{"href":"http:\/\/www.junges-ehrenamt.de\/index.php?rest_route=\/wp\/v2\/posts\/151"}],"collection":[{"href":"http:\/\/www.junges-ehrenamt.de\/index.php?rest_route=\/wp\/v2\/posts"}],"about":[{"href":"http:\/\/www.junges-ehrenamt.de\/index.php?rest_route=\/wp\/v2\/types\/post"}],"author":[{"embeddable":true,"href":"http:\/\/www.junges-ehrenamt.de\/index.php?rest_route=\/wp\/v2\/users\/1"}],"replies":[{"embeddable":true,"href":"http:\/\/www.junges-ehrenamt.de\/index.php?rest_route=%2Fwp%2Fv2%2Fcomments&post=151"}],"version-history":[{"count":4,"href":"http:\/\/www.junges-ehrenamt.de\/index.php?rest_route=\/wp\/v2\/posts\/151\/revisions"}],"predecessor-version":[{"id":354,"href":"http:\/\/www.junges-ehrenamt.de\/index.php?rest_route=\/wp\/v2\/posts\/151\/revisions\/354"}],"wp:featuredmedia":[{"embeddable":true,"href":"http:\/\/www.junges-ehrenamt.de\/index.php?rest_route=\/wp\/v2\/media\/152"}],"wp:attachment":[{"href":"http:\/\/www.junges-ehrenamt.de\/index.php?rest_route=%2Fwp%2Fv2%2Fmedia&parent=151"}],"wp:term":[{"taxonomy":"category","embeddable":true,"href":"http:\/\/www.junges-ehrenamt.de\/index.php?rest_route=%2Fwp%2Fv2%2Fcategories&post=151"},{"taxonomy":"post_tag","embeddable":true,"href":"http:\/\/www.junges-ehrenamt.de\/index.php?rest_route=%2Fwp%2Fv2%2Ftags&post=151"}],"curies":[{"name":"wp","href":"https:\/\/api.w.org\/{rel}","templated":true}]}}