{"id":175,"date":"2014-09-03T23:04:43","date_gmt":"2014-09-03T21:04:43","guid":{"rendered":"http:\/\/www.junges-ehrenamt.de\/?p=175"},"modified":"2014-09-03T23:41:28","modified_gmt":"2014-09-03T21:41:28","slug":"nina-kessmann","status":"publish","type":"post","link":"http:\/\/www.junges-ehrenamt.de\/?p=175","title":{"rendered":"Nina Ke\u00dfmann"},"content":{"rendered":"<blockquote><p>&#8222;Seitdem ich krabbeln kann bin ich im Sportverein aktiv. Zuerst bin ich mit meiner Oma zum Kinderturnen gegangen. Auch mit 16 Jahren bin ich noch aktiv in einer Turngruppe dabei gewesen, bis diese aufgel\u00f6st wurde. Seitdem unterst\u00fctze ich den Verein als Gruppenhelferin f\u00fcr die Kinder von 9 bis 13 Jahren. F\u00fcr mich pers\u00f6nlich war es eine gute Erfahrung, in einer solchen Jugendturngruppe gewesen zu sein. Um dies auch anderen Kindern zu erm\u00f6glichen, werden tatkr\u00e4ftige ehrenamtliche Unterst\u00fctzer ben\u00f6tigt.&#8220;<\/p><\/blockquote>\n","protected":false},"excerpt":{"rendered":"<p>&#8222;Seitdem ich krabbeln kann bin ich im Sportverein aktiv. Zuerst bin ich mit meiner Oma zum Kinderturnen gegangen. Auch mit 16 Jahren bin ich noch aktiv in einer Turngruppe dabei gewesen, bis diese aufgel\u00f6st wurde. Seitdem unterst\u00fctze ich den Verein als Gruppenhelferin f\u00fcr die Kinder von 9 bis 13 Jahren. F\u00fcr mich pers\u00f6nlich war es [&hellip;]<\/p>\n","protected":false},"author":1,"featured_media":176,"comment_status":"closed","ping_status":"open","sticky":false,"template":"","format":"standard","meta":[],"categories":[9],"tags":[],"_links":{"self":[{"href":"http:\/\/www.junges-ehrenamt.de\/index.php?rest_route=\/wp\/v2\/posts\/175"}],"collection":[{"href":"http:\/\/www.junges-ehrenamt.de\/index.php?rest_route=\/wp\/v2\/posts"}],"about":[{"href":"http:\/\/www.junges-ehrenamt.de\/index.php?rest_route=\/wp\/v2\/types\/post"}],"author":[{"embeddable":true,"href":"http:\/\/www.junges-ehrenamt.de\/index.php?rest_route=\/wp\/v2\/users\/1"}],"replies":[{"embeddable":true,"href":"http:\/\/www.junges-ehrenamt.de\/index.php?rest_route=%2Fwp%2Fv2%2Fcomments&post=175"}],"version-history":[{"count":5,"href":"http:\/\/www.junges-ehrenamt.de\/index.php?rest_route=\/wp\/v2\/posts\/175\/revisions"}],"predecessor-version":[{"id":248,"href":"http:\/\/www.junges-ehrenamt.de\/index.php?rest_route=\/wp\/v2\/posts\/175\/revisions\/248"}],"wp:featuredmedia":[{"embeddable":true,"href":"http:\/\/www.junges-ehrenamt.de\/index.php?rest_route=\/wp\/v2\/media\/176"}],"wp:attachment":[{"href":"http:\/\/www.junges-ehrenamt.de\/index.php?rest_route=%2Fwp%2Fv2%2Fmedia&parent=175"}],"wp:term":[{"taxonomy":"category","embeddable":true,"href":"http:\/\/www.junges-ehrenamt.de\/index.php?rest_route=%2Fwp%2Fv2%2Fcategories&post=175"},{"taxonomy":"post_tag","embeddable":true,"href":"http:\/\/www.junges-ehrenamt.de\/index.php?rest_route=%2Fwp%2Fv2%2Ftags&post=175"}],"curies":[{"name":"wp","href":"https:\/\/api.w.org\/{rel}","templated":true}]}}