{"id":196,"date":"2014-09-03T23:02:37","date_gmt":"2014-09-03T21:02:37","guid":{"rendered":"http:\/\/www.junges-ehrenamt.de\/?p=196"},"modified":"2014-09-04T01:45:45","modified_gmt":"2014-09-03T23:45:45","slug":"silke-roettcher","status":"publish","type":"post","link":"http:\/\/www.junges-ehrenamt.de\/?p=196","title":{"rendered":"Silke R\u00f6ttcher"},"content":{"rendered":"<blockquote><p>Nachwuchsarbeit ist wichtig, denn der &#8222;fr\u00fche Vogel f\u00e4ngt den Wurm.&#8220;<\/p><\/blockquote>\n","protected":false},"excerpt":{"rendered":"<p>Nachwuchsarbeit ist wichtig, denn der &#8222;fr\u00fche Vogel f\u00e4ngt den Wurm.&#8220;<\/p>\n","protected":false},"author":1,"featured_media":197,"comment_status":"closed","ping_status":"open","sticky":false,"template":"","format":"standard","meta":[],"categories":[10],"tags":[],"_links":{"self":[{"href":"http:\/\/www.junges-ehrenamt.de\/index.php?rest_route=\/wp\/v2\/posts\/196"}],"collection":[{"href":"http:\/\/www.junges-ehrenamt.de\/index.php?rest_route=\/wp\/v2\/posts"}],"about":[{"href":"http:\/\/www.junges-ehrenamt.de\/index.php?rest_route=\/wp\/v2\/types\/post"}],"author":[{"embeddable":true,"href":"http:\/\/www.junges-ehrenamt.de\/index.php?rest_route=\/wp\/v2\/users\/1"}],"replies":[{"embeddable":true,"href":"http:\/\/www.junges-ehrenamt.de\/index.php?rest_route=%2Fwp%2Fv2%2Fcomments&post=196"}],"version-history":[{"count":3,"href":"http:\/\/www.junges-ehrenamt.de\/index.php?rest_route=\/wp\/v2\/posts\/196\/revisions"}],"predecessor-version":[{"id":288,"href":"http:\/\/www.junges-ehrenamt.de\/index.php?rest_route=\/wp\/v2\/posts\/196\/revisions\/288"}],"wp:featuredmedia":[{"embeddable":true,"href":"http:\/\/www.junges-ehrenamt.de\/index.php?rest_route=\/wp\/v2\/media\/197"}],"wp:attachment":[{"href":"http:\/\/www.junges-ehrenamt.de\/index.php?rest_route=%2Fwp%2Fv2%2Fmedia&parent=196"}],"wp:term":[{"taxonomy":"category","embeddable":true,"href":"http:\/\/www.junges-ehrenamt.de\/index.php?rest_route=%2Fwp%2Fv2%2Fcategories&post=196"},{"taxonomy":"post_tag","embeddable":true,"href":"http:\/\/www.junges-ehrenamt.de\/index.php?rest_route=%2Fwp%2Fv2%2Ftags&post=196"}],"curies":[{"name":"wp","href":"https:\/\/api.w.org\/{rel}","templated":true}]}}