{"id":202,"date":"2014-09-03T23:01:21","date_gmt":"2014-09-03T21:01:21","guid":{"rendered":"http:\/\/www.junges-ehrenamt.de\/?p=202"},"modified":"2014-09-04T00:09:32","modified_gmt":"2014-09-03T22:09:32","slug":"werner-greger","status":"publish","type":"post","link":"http:\/\/www.junges-ehrenamt.de\/?p=202","title":{"rendered":"Werner Greger"},"content":{"rendered":"<blockquote><p>Mein Antritt f\u00fcrs Ehrenamt ist, da\u00df ich unwahrscheinlich viel zur\u00fcck bekomme und jung dabei bleibe bei der Betreuung von Kindern. Dies erlebe ich immer wieder beim Fu\u00dfballtraining aber besonders beim Zeltlager, weil das Leben dort ganz anders ist als zuhause.<\/p><\/blockquote>\n","protected":false},"excerpt":{"rendered":"<p>Mein Antritt f\u00fcrs Ehrenamt ist, da\u00df ich unwahrscheinlich viel zur\u00fcck bekomme und jung dabei bleibe bei der Betreuung von Kindern. Dies erlebe ich immer wieder beim Fu\u00dfballtraining aber besonders beim Zeltlager, weil das Leben dort ganz anders ist als zuhause.<\/p>\n","protected":false},"author":1,"featured_media":203,"comment_status":"closed","ping_status":"open","sticky":false,"template":"","format":"standard","meta":[],"categories":[11],"tags":[],"_links":{"self":[{"href":"http:\/\/www.junges-ehrenamt.de\/index.php?rest_route=\/wp\/v2\/posts\/202"}],"collection":[{"href":"http:\/\/www.junges-ehrenamt.de\/index.php?rest_route=\/wp\/v2\/posts"}],"about":[{"href":"http:\/\/www.junges-ehrenamt.de\/index.php?rest_route=\/wp\/v2\/types\/post"}],"author":[{"embeddable":true,"href":"http:\/\/www.junges-ehrenamt.de\/index.php?rest_route=\/wp\/v2\/users\/1"}],"replies":[{"embeddable":true,"href":"http:\/\/www.junges-ehrenamt.de\/index.php?rest_route=%2Fwp%2Fv2%2Fcomments&post=202"}],"version-history":[{"count":2,"href":"http:\/\/www.junges-ehrenamt.de\/index.php?rest_route=\/wp\/v2\/posts\/202\/revisions"}],"predecessor-version":[{"id":262,"href":"http:\/\/www.junges-ehrenamt.de\/index.php?rest_route=\/wp\/v2\/posts\/202\/revisions\/262"}],"wp:featuredmedia":[{"embeddable":true,"href":"http:\/\/www.junges-ehrenamt.de\/index.php?rest_route=\/wp\/v2\/media\/203"}],"wp:attachment":[{"href":"http:\/\/www.junges-ehrenamt.de\/index.php?rest_route=%2Fwp%2Fv2%2Fmedia&parent=202"}],"wp:term":[{"taxonomy":"category","embeddable":true,"href":"http:\/\/www.junges-ehrenamt.de\/index.php?rest_route=%2Fwp%2Fv2%2Fcategories&post=202"},{"taxonomy":"post_tag","embeddable":true,"href":"http:\/\/www.junges-ehrenamt.de\/index.php?rest_route=%2Fwp%2Fv2%2Ftags&post=202"}],"curies":[{"name":"wp","href":"https:\/\/api.w.org\/{rel}","templated":true}]}}