{"id":54,"date":"2014-09-03T22:57:51","date_gmt":"2014-09-03T20:57:51","guid":{"rendered":"http:\/\/www.junges-ehrenamt.de\/?p=54"},"modified":"2014-09-06T08:47:03","modified_gmt":"2014-09-06T06:47:03","slug":"bernd-harre","status":"publish","type":"post","link":"http:\/\/www.junges-ehrenamt.de\/?p=54","title":{"rendered":"Bernd Harrmann"},"content":{"rendered":"<blockquote><p>Ich engagiere mich seit langen Jahren ehrenamtich im Bereich Volleyball beim TV Levern. Die Arbeit mit Gleichgesinnten &#8222;f\u00fcr dieselbe Sache zu machen&#8220;, bereitet mir viel Spa\u00df. F\u00fcr mich ist selbstverst\u00e4ndlich die auf diese Art erworbenen F\u00e4higkeiten und Kenntnisse auch wieder einzubringen. Nur so kann die Abteilung im Verein funktionieren udn f\u00fcr die breite Masse zug\u00e4nglich gemacht werden.<\/p><\/blockquote>\n","protected":false},"excerpt":{"rendered":"<p>Ich engagiere mich seit langen Jahren ehrenamtich im Bereich Volleyball beim TV Levern. Die Arbeit mit Gleichgesinnten &#8222;f\u00fcr dieselbe Sache zu machen&#8220;, bereitet mir viel Spa\u00df. F\u00fcr mich ist selbstverst\u00e4ndlich die auf diese Art erworbenen F\u00e4higkeiten und Kenntnisse auch wieder einzubringen. Nur so kann die Abteilung im Verein funktionieren udn f\u00fcr die breite Masse zug\u00e4nglich [&hellip;]<\/p>\n","protected":false},"author":1,"featured_media":55,"comment_status":"closed","ping_status":"open","sticky":false,"template":"","format":"standard","meta":[],"categories":[8],"tags":[],"_links":{"self":[{"href":"http:\/\/www.junges-ehrenamt.de\/index.php?rest_route=\/wp\/v2\/posts\/54"}],"collection":[{"href":"http:\/\/www.junges-ehrenamt.de\/index.php?rest_route=\/wp\/v2\/posts"}],"about":[{"href":"http:\/\/www.junges-ehrenamt.de\/index.php?rest_route=\/wp\/v2\/types\/post"}],"author":[{"embeddable":true,"href":"http:\/\/www.junges-ehrenamt.de\/index.php?rest_route=\/wp\/v2\/users\/1"}],"replies":[{"embeddable":true,"href":"http:\/\/www.junges-ehrenamt.de\/index.php?rest_route=%2Fwp%2Fv2%2Fcomments&post=54"}],"version-history":[{"count":3,"href":"http:\/\/www.junges-ehrenamt.de\/index.php?rest_route=\/wp\/v2\/posts\/54\/revisions"}],"predecessor-version":[{"id":332,"href":"http:\/\/www.junges-ehrenamt.de\/index.php?rest_route=\/wp\/v2\/posts\/54\/revisions\/332"}],"wp:featuredmedia":[{"embeddable":true,"href":"http:\/\/www.junges-ehrenamt.de\/index.php?rest_route=\/wp\/v2\/media\/55"}],"wp:attachment":[{"href":"http:\/\/www.junges-ehrenamt.de\/index.php?rest_route=%2Fwp%2Fv2%2Fmedia&parent=54"}],"wp:term":[{"taxonomy":"category","embeddable":true,"href":"http:\/\/www.junges-ehrenamt.de\/index.php?rest_route=%2Fwp%2Fv2%2Fcategories&post=54"},{"taxonomy":"post_tag","embeddable":true,"href":"http:\/\/www.junges-ehrenamt.de\/index.php?rest_route=%2Fwp%2Fv2%2Ftags&post=54"}],"curies":[{"name":"wp","href":"https:\/\/api.w.org\/{rel}","templated":true}]}}