{"id":75,"date":"2014-09-03T23:00:58","date_gmt":"2014-09-03T21:00:58","guid":{"rendered":"http:\/\/www.junges-ehrenamt.de\/?p=75"},"modified":"2014-09-04T02:12:01","modified_gmt":"2014-09-04T00:12:01","slug":"edeltraud-greger","status":"publish","type":"post","link":"http:\/\/www.junges-ehrenamt.de\/?p=75","title":{"rendered":"Edeltraud Greger"},"content":{"rendered":"<blockquote><p>Ich freue mich, wenn immer wieder neue Kinder mit ihren Eltern\/Gro\u00dfeltern zum Turnen kommen. Es ist toll zu sehen, wie auch \u00e4ngstliche und vorsichtige Kinder mutiger werden und die Turnhalle f\u00fcr sich erobern. Besonders freue ich mich, dass heute schon die &#8222;ersten Kinder&#8220; &#8211; &#8222;Eltern&#8220; wieder mit ihren Kindern oder Enkelkindern zum Turnen kommen. Wichtig ist es f\u00fcr mich auch, dass die Kinder weiter zum Sport kommen und lang dabeibleiben, z.B. Eltern\/Gro\u00dfeltern-Kindturnen, Fu\u00dfball bis hin zum Seniorensport. Beim Zeltlager erlebe ich als Betreuer die Kinder einmal ganz anders, als in der Turnhalle. Wir leben auf engem Raum eine ganze Woche zusammen udn geniessen den Alltag in der Natur.<\/p><\/blockquote>\n","protected":false},"excerpt":{"rendered":"<p>Ich freue mich, wenn immer wieder neue Kinder mit ihren Eltern\/Gro\u00dfeltern zum Turnen kommen. Es ist toll zu sehen, wie auch \u00e4ngstliche und vorsichtige Kinder mutiger werden und die Turnhalle f\u00fcr sich erobern. Besonders freue ich mich, dass heute schon die &#8222;ersten Kinder&#8220; &#8211; &#8222;Eltern&#8220; wieder mit ihren Kindern oder Enkelkindern zum Turnen kommen. Wichtig [&hellip;]<\/p>\n","protected":false},"author":1,"featured_media":76,"comment_status":"closed","ping_status":"open","sticky":false,"template":"","format":"standard","meta":[],"categories":[11],"tags":[],"_links":{"self":[{"href":"http:\/\/www.junges-ehrenamt.de\/index.php?rest_route=\/wp\/v2\/posts\/75"}],"collection":[{"href":"http:\/\/www.junges-ehrenamt.de\/index.php?rest_route=\/wp\/v2\/posts"}],"about":[{"href":"http:\/\/www.junges-ehrenamt.de\/index.php?rest_route=\/wp\/v2\/types\/post"}],"author":[{"embeddable":true,"href":"http:\/\/www.junges-ehrenamt.de\/index.php?rest_route=\/wp\/v2\/users\/1"}],"replies":[{"embeddable":true,"href":"http:\/\/www.junges-ehrenamt.de\/index.php?rest_route=%2Fwp%2Fv2%2Fcomments&post=75"}],"version-history":[{"count":2,"href":"http:\/\/www.junges-ehrenamt.de\/index.php?rest_route=\/wp\/v2\/posts\/75\/revisions"}],"predecessor-version":[{"id":263,"href":"http:\/\/www.junges-ehrenamt.de\/index.php?rest_route=\/wp\/v2\/posts\/75\/revisions\/263"}],"wp:featuredmedia":[{"embeddable":true,"href":"http:\/\/www.junges-ehrenamt.de\/index.php?rest_route=\/wp\/v2\/media\/76"}],"wp:attachment":[{"href":"http:\/\/www.junges-ehrenamt.de\/index.php?rest_route=%2Fwp%2Fv2%2Fmedia&parent=75"}],"wp:term":[{"taxonomy":"category","embeddable":true,"href":"http:\/\/www.junges-ehrenamt.de\/index.php?rest_route=%2Fwp%2Fv2%2Fcategories&post=75"},{"taxonomy":"post_tag","embeddable":true,"href":"http:\/\/www.junges-ehrenamt.de\/index.php?rest_route=%2Fwp%2Fv2%2Ftags&post=75"}],"curies":[{"name":"wp","href":"https:\/\/api.w.org\/{rel}","templated":true}]}}